{"id":13960,"date":"2025-09-18T20:59:36","date_gmt":"2025-09-18T20:59:36","guid":{"rendered":"https:\/\/www.kunstverein-unverdorben.de\/?p=13960"},"modified":"2025-09-22T13:41:20","modified_gmt":"2025-09-22T13:41:20","slug":"ein-bilderbuchstart-in-den-13-neunburger-kunstherbst","status":"publish","type":"post","link":"https:\/\/www.kunstverein-unverdorben.de\/index.php\/2025\/09\/ein-bilderbuchstart-in-den-13-neunburger-kunstherbst\/","title":{"rendered":"Ein Bilderbuchstart in den 13. Neunburger Kunstherbst!"},"content":{"rendered":"\n<figure class=\"wp-block-image size-large is-style-default\"><a href=\"https:\/\/www.kunstverein-unverdorben.de\/wp-content\/uploads\/2025\/09\/RaimundospieltRodrigo.jpg\"><img loading=\"lazy\" decoding=\"async\" width=\"1024\" height=\"768\" src=\"https:\/\/www.kunstverein-unverdorben.de\/wp-content\/uploads\/2025\/09\/RaimundospieltRodrigo-1024x768.jpg\" alt=\"\" class=\"wp-image-13962\" srcset=\"https:\/\/www.kunstverein-unverdorben.de\/wp-content\/uploads\/2025\/09\/RaimundospieltRodrigo-1024x768.jpg 1024w, https:\/\/www.kunstverein-unverdorben.de\/wp-content\/uploads\/2025\/09\/RaimundospieltRodrigo-300x225.jpg 300w, https:\/\/www.kunstverein-unverdorben.de\/wp-content\/uploads\/2025\/09\/RaimundospieltRodrigo-768x576.jpg 768w, https:\/\/www.kunstverein-unverdorben.de\/wp-content\/uploads\/2025\/09\/RaimundospieltRodrigo.jpg 1224w\" sizes=\"auto, (max-width: 1024px) 100vw, 1024px\" \/><\/a><figcaption class=\"wp-element-caption\">Raimundo Luco (Gitarre) als Solist im Concierto de Aranjuez von Joaquin Rodrigo. Desar Sulejmani dirigiert das Ostbayerische Jugendsinfonieorchester in der Schwarzachtalhalle. Fotos: Karl Stumpfi<\/figcaption><\/figure>\n\n\n\n<h2 class=\"wp-block-heading has-large-font-size\">T\u00e4nzerisches Feuer vom &#8222;Carmen&#8220;-Vorspiel bis &#8222;Tico-Tico&#8220;-Finale<\/h2>\n\n\n\n<p>Mit spanischen und lateinamerikanischen Rhythmen bescherte das Ostbayerische Jugendsinfonieorchester der 13. Neunburger Kunstherbstsaison beim sinfonischen Gastspiel &#8222;OJO goes Latin&#8220; einen Bilderbuchstart. Opernouvert\u00fcren, Instrumentalkonzert und Tanzsuiten von Komponisten wie Rodrigo, de Falla, Marquez, Sheldon und Piazzolla, die in der Pfalzgrafenstadt zum ersten Mal auf Programmzettel auftauchten, zogen das Publikum in der leider nicht ausverkauften Schwarzachtalhalle schnell in ihren Bann. Dementsprechend glich der Schlussapplaus nach knapp 120 Minuten orchestraler Leidenschaft einem Vulkan-Ausbruch!<\/p>\n\n\n\n<p>\u201eEs passiert nicht jeden Tag, dass \u00fcber 60 Musikerinnen und Musiker aus sieben L\u00e4ndern auf dieser B\u00fchne musizieren.\u201c Mit dieser Aussage hatte Dirigent Desar Sulejmani absolut recht. Das Ostbayerische Jugendsinfonieorchester (OJO), bestehend aus jungen Musikern im Alter zwischen 14 und 27 Jahren aus dem bayerischen und \u00fcberregionalen Raum, setzte dank der Kooperation mit dem Westbalkan-Youth-Symphonic-Orchestra unter dem Konzerttitel \u201eOJO goes Latin\u201c besondere, hochkar\u00e4tige Akzente. Das fulminante Opening mit bekannten \u201eOhrw\u00fcrmern\u201c aus den beiden &#8222;Carmen&#8220;-Suiten von Georges Bizet, die Habanera, das Auftrittslied des Toreros und der Zigeunertanz, riss die rund 200 G\u00e4ste gleich von Anfang an mit und entfachte deren Begeisterung f\u00fcr das internationale 68-k\u00f6pfige Ensemble (darunter junge Musiker aus Bosnien-Herzegowina, Serbien, Slowenien, Montegro, Kosovo und Albanien).<\/p>\n\n\n\n<figure class=\"wp-block-image size-large\"><a href=\"https:\/\/www.kunstverein-unverdorben.de\/wp-content\/uploads\/2025\/09\/ProgrammOJO.jpg\"><img loading=\"lazy\" decoding=\"async\" width=\"1024\" height=\"768\" src=\"https:\/\/www.kunstverein-unverdorben.de\/wp-content\/uploads\/2025\/09\/ProgrammOJO-1024x768.jpg\" alt=\"\" class=\"wp-image-13968\" srcset=\"https:\/\/www.kunstverein-unverdorben.de\/wp-content\/uploads\/2025\/09\/ProgrammOJO-1024x768.jpg 1024w, https:\/\/www.kunstverein-unverdorben.de\/wp-content\/uploads\/2025\/09\/ProgrammOJO-300x225.jpg 300w, https:\/\/www.kunstverein-unverdorben.de\/wp-content\/uploads\/2025\/09\/ProgrammOJO-768x576.jpg 768w, https:\/\/www.kunstverein-unverdorben.de\/wp-content\/uploads\/2025\/09\/ProgrammOJO.jpg 1224w\" sizes=\"auto, (max-width: 1024px) 100vw, 1024px\" \/><\/a><\/figure>\n\n\n\n<p><a href=\"https:\/\/www.neunburger-kunstherbst.de\">https:\/\/www.neunburger-kunstherbst.de<\/a><\/p>\n\n\n\n<p>Eine Erstauff\u00fchrung in Neunburg d\u00fcrfte das Concierto de Aranjuez mit Gitarrensolist Raimundo Luco gewesen sein, das von Joaquin Rodrigo 1939 als Konzert f\u00fcr klassische Solo-Gitarre und Orchester geschrieben wurde. Mit diesem St\u00fcck wurde die Gitarre als vollwertiges Soloinstrument im Konzertsaal etabliert. Was der junge, herausragende Gitarrist mit seinem Instrument darbot, lie\u00df dem Publikum den Atem stocken. Raimundo Luco schloss sein Studium an der P\u00e4pstlichen Katholischen Universit\u00e4t von Chile im Jahr 2021 mit h\u00f6chster Auszeichnung ab, gewann Preise an der Gitarre und tourte 2023 als Duo durch Europa. Seit 2024 studiert er die klassische Gitarre im Master an der Hochschule f\u00fcr Musik in Stuttgart. Das von ihm gespielte St\u00fcck fand Einzug in viele Flamenco- und Jazz-Interpretationen. Da das Publikum mit tosendem Applaus und Bravo-Rufen reagierte, setzte der junge Gitarrist noch spontan zwei Zugaben drauf.<\/p>\n\n\n\n<p><em>&#8222;Liebeszauber&#8220; und &#8222;Cubanische T\u00e4nze&#8220; <\/em><\/p>\n\n\n\n<p>Nach der Pause wurden die G\u00e4ste auf eine musikalische Reise voller spanischer und lateinamerikanischer Rhythmen und Melodien mitgenommen, von Manuel de Falla, Robert Sheldon, Astor Piazzolla und Arturo Marquez, die Dirigent Desar Sulejmani ank\u00fcndigte. Der Orchesterchef lebt seit 27 Jahren in Deutschland und trat bereits in vielen europ\u00e4ischen L\u00e4ndern, in Asien und S\u00fcdafrika als Konzertpianist und Dirigent auf. Seit 2018 steht er dem OJO als Dirigent vor und erm\u00f6glicht den jungen Musikerinnen und Musikern einen ganz neuen Zugang zur Orchestermusik und zu klassischen Meisterwerken. Nicht fehlen durfte bei diesem Konzert die Tango-Oper von Piazzolla, \u201eMaria de Buenos Aires\u201c, in der die Geschichte des Tangos anhand des Lebens von Maria dargestellt wird sowie \u201eDanzas Cubanas\u201c von Robert Sheldon mit tanz\u00e4hnlichen Teilen der afro-kubanischen Inselbewohner. <\/p>\n\n\n\n<p>Mit Riesenapplaus, stehenden Ovationen, gro\u00dfer Begeisterung und Worten wie \u201eph\u00e4nomenal\u201c, \u201egro\u00dfartig\u201c und \u201eeinmalig\u201c wurde das au\u00dfergew\u00f6hnliche Konzert gew\u00fcrdigt, an das sich nat\u00fcrlich Zugaben anschlossen, das brasilianische Samba-Bravourst\u00fcck &#8222;Tico Tico&#8220; und nochmals das &#8222;Carmen&#8220;-Vorspiel. Fazit: Besser konnte der Startschuss f\u00fcr die 13. Saison des Neunburger Kunstherbsts nicht sein, waren sich die Vorsitzenden Peter Wunder und Klassik-Beauftragter Karl Stumpfi einig. Sie bedankten sich bei dem gro\u00dfartigen Musikensemble und luden zu den n\u00e4chsten Veranstaltungen des Kunstvereins Unverdorben im Rahmen des 13. Neunburger Kunstherbsts ein.<\/p>\n\n\n\n<p>ELFRIEDE WEISS, Der Neue Tag<\/p>\n\n\n\n<figure class=\"wp-block-image size-large\"><a href=\"https:\/\/www.kunstverein-unverdorben.de\/wp-content\/uploads\/2025\/09\/Konzertlive12Sept1a.jpg\"><img loading=\"lazy\" decoding=\"async\" width=\"1024\" height=\"463\" src=\"https:\/\/www.kunstverein-unverdorben.de\/wp-content\/uploads\/2025\/09\/Konzertlive12Sept1a-1024x463.jpg\" alt=\"\" class=\"wp-image-13961\" srcset=\"https:\/\/www.kunstverein-unverdorben.de\/wp-content\/uploads\/2025\/09\/Konzertlive12Sept1a-1024x463.jpg 1024w, https:\/\/www.kunstverein-unverdorben.de\/wp-content\/uploads\/2025\/09\/Konzertlive12Sept1a-300x136.jpg 300w, https:\/\/www.kunstverein-unverdorben.de\/wp-content\/uploads\/2025\/09\/Konzertlive12Sept1a-768x348.jpg 768w, https:\/\/www.kunstverein-unverdorben.de\/wp-content\/uploads\/2025\/09\/Konzertlive12Sept1a.jpg 1149w\" sizes=\"auto, (max-width: 1024px) 100vw, 1024px\" \/><\/a><figcaption class=\"wp-element-caption\">Das Ostbayerische Jugendinfonieorchester verst\u00e4rkte sich mit Instrumentalisten aus sechs Balkan-L\u00e4ndern des Kooperationspartners WBYO. (Video-Aufnahme: Ralf Gohlke, MZ)<\/figcaption><\/figure>\n\n\n\n<figure class=\"wp-block-video\"><video controls src=\"https:\/\/www.kunstverein-unverdorben.de\/wp-content\/uploads\/2025\/09\/WhatsApp-Video-2025-09-14-um-10.07.41_d89f0fb8.mp4\"><\/video><\/figure>\n\n\n\n<p><strong><em>MEDIEN-ECHO<\/em><\/strong><\/p>\n\n\n\n<p><strong>Bericht in der Mittelbayerischen Zeitung, Kreisausgabe SAD, vom Dienstag, 16. September 2025:<\/strong><\/p>\n\n\n\n<figure class=\"wp-block-image size-large\"><a href=\"https:\/\/www.kunstverein-unverdorben.de\/wp-content\/uploads\/2025\/09\/MZBerichtOJO.jpg\"><img loading=\"lazy\" decoding=\"async\" width=\"799\" height=\"1024\" src=\"https:\/\/www.kunstverein-unverdorben.de\/wp-content\/uploads\/2025\/09\/MZBerichtOJO-799x1024.jpg\" alt=\"\" class=\"wp-image-14008\" srcset=\"https:\/\/www.kunstverein-unverdorben.de\/wp-content\/uploads\/2025\/09\/MZBerichtOJO-799x1024.jpg 799w, https:\/\/www.kunstverein-unverdorben.de\/wp-content\/uploads\/2025\/09\/MZBerichtOJO-234x300.jpg 234w, https:\/\/www.kunstverein-unverdorben.de\/wp-content\/uploads\/2025\/09\/MZBerichtOJO-768x984.jpg 768w, https:\/\/www.kunstverein-unverdorben.de\/wp-content\/uploads\/2025\/09\/MZBerichtOJO-1199x1536.jpg 1199w, https:\/\/www.kunstverein-unverdorben.de\/wp-content\/uploads\/2025\/09\/MZBerichtOJO.jpg 1202w\" sizes=\"auto, (max-width: 799px) 100vw, 799px\" \/><\/a><\/figure>\n\n\n\n<p><strong>Bericht in der Zeitung &#8222;Der Neue Tag&#8220;, Kreisausgabe SAD, vom Dienstag, 16. September 2025:<\/strong><\/p>\n\n\n\n<figure class=\"wp-block-image size-large\"><a href=\"https:\/\/www.kunstverein-unverdorben.de\/wp-content\/uploads\/2025\/09\/NTBerichtOJO.jpg\"><img loading=\"lazy\" decoding=\"async\" width=\"1024\" height=\"768\" src=\"https:\/\/www.kunstverein-unverdorben.de\/wp-content\/uploads\/2025\/09\/NTBerichtOJO-1024x768.jpg\" alt=\"\" class=\"wp-image-14009\" srcset=\"https:\/\/www.kunstverein-unverdorben.de\/wp-content\/uploads\/2025\/09\/NTBerichtOJO-1024x768.jpg 1024w, https:\/\/www.kunstverein-unverdorben.de\/wp-content\/uploads\/2025\/09\/NTBerichtOJO-300x225.jpg 300w, https:\/\/www.kunstverein-unverdorben.de\/wp-content\/uploads\/2025\/09\/NTBerichtOJO-768x576.jpg 768w, https:\/\/www.kunstverein-unverdorben.de\/wp-content\/uploads\/2025\/09\/NTBerichtOJO.jpg 1213w\" sizes=\"auto, (max-width: 1024px) 100vw, 1024px\" \/><\/a><\/figure>\n\n\n<div class=\"wp-block-image\">\n<figure class=\"aligncenter size-full is-resized\"><a href=\"https:\/\/www.kunstverein-unverdorben.de\/wp-content\/uploads\/2025\/05\/LogoKH.jpg\"><img loading=\"lazy\" decoding=\"async\" width=\"430\" height=\"430\" src=\"https:\/\/www.kunstverein-unverdorben.de\/wp-content\/uploads\/2025\/05\/LogoKH.jpg\" alt=\"\" class=\"wp-image-13501\" style=\"width:216px;height:auto\" srcset=\"https:\/\/www.kunstverein-unverdorben.de\/wp-content\/uploads\/2025\/05\/LogoKH.jpg 430w, https:\/\/www.kunstverein-unverdorben.de\/wp-content\/uploads\/2025\/05\/LogoKH-300x300.jpg 300w, https:\/\/www.kunstverein-unverdorben.de\/wp-content\/uploads\/2025\/05\/LogoKH-150x150.jpg 150w\" sizes=\"auto, (max-width: 430px) 100vw, 430px\" \/><\/a><\/figure><\/div>","protected":false},"excerpt":{"rendered":"<p>T\u00e4nzerisches Feuer vom &#8222;Carmen&#8220;-Vorspiel bis &#8222;Tico-Tico&#8220;-Finale Mit spanischen und lateinamerikanischen Rhythmen bescherte das Ostbayerische Jugendsinfonieorchester der 13. Neunburger Kunstherbstsaison beim sinfonischen Gastspiel &#8222;OJO goes Latin&#8220; einen Bilderbuchstart. Opernouvert\u00fcren, Instrumentalkonzert und Tanzsuiten von Komponisten wie Rodrigo, de Falla, Marquez, Sheldon und &hellip; <a href=\"https:\/\/www.kunstverein-unverdorben.de\/index.php\/2025\/09\/ein-bilderbuchstart-in-den-13-neunburger-kunstherbst\/\">Weiterlesen <span class=\"meta-nav\">&rarr;<\/span><\/a><\/p>\n","protected":false},"author":4,"featured_media":0,"comment_status":"open","ping_status":"open","sticky":false,"template":"","format":"standard","meta":{"footnotes":""},"categories":[1],"tags":[],"class_list":["post-13960","post","type-post","status-publish","format-standard","hentry","category-allgemein"],"_links":{"self":[{"href":"https:\/\/www.kunstverein-unverdorben.de\/index.php\/wp-json\/wp\/v2\/posts\/13960","targetHints":{"allow":["GET"]}}],"collection":[{"href":"https:\/\/www.kunstverein-unverdorben.de\/index.php\/wp-json\/wp\/v2\/posts"}],"about":[{"href":"https:\/\/www.kunstverein-unverdorben.de\/index.php\/wp-json\/wp\/v2\/types\/post"}],"author":[{"embeddable":true,"href":"https:\/\/www.kunstverein-unverdorben.de\/index.php\/wp-json\/wp\/v2\/users\/4"}],"replies":[{"embeddable":true,"href":"https:\/\/www.kunstverein-unverdorben.de\/index.php\/wp-json\/wp\/v2\/comments?post=13960"}],"version-history":[{"count":9,"href":"https:\/\/www.kunstverein-unverdorben.de\/index.php\/wp-json\/wp\/v2\/posts\/13960\/revisions"}],"predecessor-version":[{"id":14010,"href":"https:\/\/www.kunstverein-unverdorben.de\/index.php\/wp-json\/wp\/v2\/posts\/13960\/revisions\/14010"}],"wp:attachment":[{"href":"https:\/\/www.kunstverein-unverdorben.de\/index.php\/wp-json\/wp\/v2\/media?parent=13960"}],"wp:term":[{"taxonomy":"category","embeddable":true,"href":"https:\/\/www.kunstverein-unverdorben.de\/index.php\/wp-json\/wp\/v2\/categories?post=13960"},{"taxonomy":"post_tag","embeddable":true,"href":"https:\/\/www.kunstverein-unverdorben.de\/index.php\/wp-json\/wp\/v2\/tags?post=13960"}],"curies":[{"name":"wp","href":"https:\/\/api.w.org\/{rel}","templated":true}]}}